{"id":590,"date":"2026-04-01T20:56:38","date_gmt":"2026-04-01T19:56:38","guid":{"rendered":"https:\/\/rod-wroblewskiego.pl\/?p=590"},"modified":"2026-04-02T12:49:05","modified_gmt":"2026-04-02T11:49:05","slug":"ogloszenie-o-walnym-zebraniu","status":"publish","type":"post","link":"https:\/\/rod-wroblewskiego.pl\/index.php\/2026\/04\/01\/ogloszenie-o-walnym-zebraniu\/","title":{"rendered":"Og\u0142oszenie o walnym zebraniu sprawozdawczym"},"content":{"rendered":"\r\n<h2>Zarz\u0105d ROD informuje, \u017ce<\/h2>\r\n\r\n\r\n\r\n<h3><span style=\"color: #808000;\">dnia<\/span><span style=\"font-size: 18pt;\"><em><span style=\"color: #99cc00;\"><strong>\u00a0 <span style=\"color: #ff6600;\">18 KWIETNIA<\/span><\/strong><\/span><\/em><\/span><span style=\"color: #808000;\">\u00a0 2026 roku<\/span><\/h3>\r\n<h3><span style=\"color: #808000;\">o godzinie:\u00a0\u00a0<\/span><\/h3>\r\n<h3><span style=\"color: #808000;\">15:00 \u2013 I termin<\/span><\/h3>\r\n<h3><span style=\"color: #808000;\">15:30 \u2013 II termin<\/span><\/h3>\r\n<h3><span style=\"color: #808000;\">odb\u0119dzie si\u0119 <strong>WALNE ZEBRANIE<\/strong> sprawozdawcze cz\u0142onk\u00f3w Polskiego Zwi\u0105zku Dzia\u0142kowc\u00f3w<\/span><\/h3>\r\n<h3><span style=\"color: #808000;\">w Domu Dzia\u0142kowca ROD w Ksi\u0119\u017cynie.<\/span><\/h3>\r\n<hr \/>\r\n<h3><span style=\"color: #808000;\">\u00a0Materia\u0142y sprawozdawcze dost\u0119pne b\u0119d\u0105 do wgl\u0105du <\/span><\/h3>\r\n<h3><span style=\"color: #808000;\">od godziny 12:00 do 15:00.\u00a0<\/span><\/h3>\r\n<h2><strong>Zapraszamy do czynnego uczestnictwa.<\/strong><\/h2>","protected":false},"excerpt":{"rendered":"<p>Zarz\u0105d ROD informuje, \u017ce dnia\u00a0 18 KWIETNIA\u00a0 2026 roku o godzinie:\u00a0\u00a0 15:00 \u2013 I termin 15:30 \u2013 II termin odb\u0119dzie si\u0119 WALNE ZEBRANIE sprawozdawcze cz\u0142onk\u00f3w Polskiego Zwi\u0105zku Dzia\u0142kowc\u00f3w w Domu Dzia\u0142kowca ROD w Ksi\u0119\u017cynie. \u00a0Materia\u0142y sprawozdawcze dost\u0119pne b\u0119d\u0105 do wgl\u0105du od godziny 12:00 do 15:00.\u00a0 Zapraszamy do czynnego uczestnictwa.<\/p>\n","protected":false},"author":1,"featured_media":0,"comment_status":"closed","ping_status":"open","sticky":true,"template":"","format":"standard","meta":{"footnotes":""},"categories":[13],"tags":[],"class_list":["post-590","post","type-post","status-publish","format-standard","hentry","category-komunikaty"],"_links":{"self":[{"href":"https:\/\/rod-wroblewskiego.pl\/index.php\/wp-json\/wp\/v2\/posts\/590","targetHints":{"allow":["GET"]}}],"collection":[{"href":"https:\/\/rod-wroblewskiego.pl\/index.php\/wp-json\/wp\/v2\/posts"}],"about":[{"href":"https:\/\/rod-wroblewskiego.pl\/index.php\/wp-json\/wp\/v2\/types\/post"}],"author":[{"embeddable":true,"href":"https:\/\/rod-wroblewskiego.pl\/index.php\/wp-json\/wp\/v2\/users\/1"}],"replies":[{"embeddable":true,"href":"https:\/\/rod-wroblewskiego.pl\/index.php\/wp-json\/wp\/v2\/comments?post=590"}],"version-history":[{"count":8,"href":"https:\/\/rod-wroblewskiego.pl\/index.php\/wp-json\/wp\/v2\/posts\/590\/revisions"}],"predecessor-version":[{"id":627,"href":"https:\/\/rod-wroblewskiego.pl\/index.php\/wp-json\/wp\/v2\/posts\/590\/revisions\/627"}],"wp:attachment":[{"href":"https:\/\/rod-wroblewskiego.pl\/index.php\/wp-json\/wp\/v2\/media?parent=590"}],"wp:term":[{"taxonomy":"category","embeddable":true,"href":"https:\/\/rod-wroblewskiego.pl\/index.php\/wp-json\/wp\/v2\/categories?post=590"},{"taxonomy":"post_tag","embeddable":true,"href":"https:\/\/rod-wroblewskiego.pl\/index.php\/wp-json\/wp\/v2\/tags?post=590"}],"curies":[{"name":"wp","href":"https:\/\/api.w.org\/{rel}","templated":true}]}}