{"id":274,"date":"2022-08-23T12:28:56","date_gmt":"2022-08-23T12:28:56","guid":{"rendered":"http:\/\/rod-wroblewskiego.pl\/?p=274"},"modified":"2022-08-24T17:23:46","modified_gmt":"2022-08-24T16:23:46","slug":"komunikaty","status":"publish","type":"post","link":"https:\/\/rod-wroblewskiego.pl\/index.php\/2022\/08\/23\/komunikaty\/","title":{"rendered":"Wymiary altan"},"content":{"rendered":"<p style=\"margin-left: 210px; text-align: justify;\"><span style=\"color: #333399;\"><strong><span style=\"font-size: 12pt;\">UWAGA !!!<\/span><\/strong><\/span><\/p>\n<p style=\"text-align: justify;\"><span style=\"font-size: 12pt;\"><strong>\u00a0<\/strong><\/span><\/p>\n<h4 style=\"text-align: justify; margin-right: 30px;\"><span style=\"font-size: 10pt; color: #000080;\"><span style=\"font-size: 12pt;\">ZARZ\u0104D OGRODU PRZYPOMINA O WYMIARACH OBOWI\u0104ZUJ\u0104CYCH PRZY BUDOWIE ALTAN W NASZYM OGRODZIE (POZAMIEJSKIM). <\/span><\/span><\/h4>\n<h4 style=\"margin-left: 30px;\"><span style=\"font-size: 12pt; color: #000080;\">&#8211; POWIERZCHNIA DO &#8211; 35M\u00b2 + TARAS &#8211; 12M\u00b2<br \/>\n&#8211; WYSOKO\u015a\u0106 PRZY DACHU P\u0141ASKIM \u2013 4M<br \/>\n&#8211; WYSOKO\u015a\u0106 PRZY DACHU STROMYM \u2013 5M<\/span><\/h4>\n<h4 style=\"text-align: right;\"><span style=\"font-size: 12pt;\">\u00a0\u00a0\u00a0\u00a0\u00a0\u00a0\u00a0\u00a0 ZARZ\u0104D<\/span><\/h4>\n","protected":false},"excerpt":{"rendered":"<p>UWAGA !!! \u00a0 ZARZ\u0104D OGRODU PRZYPOMINA O WYMIARACH OBOWI\u0104ZUJ\u0104CYCH PRZY BUDOWIE ALTAN W NASZYM OGRODZIE (POZAMIEJSKIM). &#8211; POWIERZCHNIA DO &#8211; 35M\u00b2 + TARAS &#8211; 12M\u00b2 &#8211; WYSOKO\u015a\u0106 PRZY DACHU P\u0141ASKIM \u2013 4M &#8211; WYSOKO\u015a\u0106 PRZY DACHU STROMYM \u2013 5M \u00a0\u00a0\u00a0\u00a0\u00a0\u00a0\u00a0\u00a0 ZARZ\u0104D<\/p>\n","protected":false},"author":1,"featured_media":0,"comment_status":"open","ping_status":"open","sticky":false,"template":"","format":"standard","meta":{"footnotes":""},"categories":[13],"tags":[],"class_list":["post-274","post","type-post","status-publish","format-standard","hentry","category-komunikaty"],"_links":{"self":[{"href":"https:\/\/rod-wroblewskiego.pl\/index.php\/wp-json\/wp\/v2\/posts\/274","targetHints":{"allow":["GET"]}}],"collection":[{"href":"https:\/\/rod-wroblewskiego.pl\/index.php\/wp-json\/wp\/v2\/posts"}],"about":[{"href":"https:\/\/rod-wroblewskiego.pl\/index.php\/wp-json\/wp\/v2\/types\/post"}],"author":[{"embeddable":true,"href":"https:\/\/rod-wroblewskiego.pl\/index.php\/wp-json\/wp\/v2\/users\/1"}],"replies":[{"embeddable":true,"href":"https:\/\/rod-wroblewskiego.pl\/index.php\/wp-json\/wp\/v2\/comments?post=274"}],"version-history":[{"count":3,"href":"https:\/\/rod-wroblewskiego.pl\/index.php\/wp-json\/wp\/v2\/posts\/274\/revisions"}],"predecessor-version":[{"id":292,"href":"https:\/\/rod-wroblewskiego.pl\/index.php\/wp-json\/wp\/v2\/posts\/274\/revisions\/292"}],"wp:attachment":[{"href":"https:\/\/rod-wroblewskiego.pl\/index.php\/wp-json\/wp\/v2\/media?parent=274"}],"wp:term":[{"taxonomy":"category","embeddable":true,"href":"https:\/\/rod-wroblewskiego.pl\/index.php\/wp-json\/wp\/v2\/categories?post=274"},{"taxonomy":"post_tag","embeddable":true,"href":"https:\/\/rod-wroblewskiego.pl\/index.php\/wp-json\/wp\/v2\/tags?post=274"}],"curies":[{"name":"wp","href":"https:\/\/api.w.org\/{rel}","templated":true}]}}