{"id":151,"date":"2025-05-10T12:13:47","date_gmt":"2025-05-10T11:13:47","guid":{"rendered":"http:\/\/rod-wroblewskiego.pl\/?p=151"},"modified":"2025-05-12T21:26:31","modified_gmt":"2025-05-12T20:26:31","slug":"zarzad-i-komisje-2024-2028","status":"publish","type":"post","link":"https:\/\/rod-wroblewskiego.pl\/index.php\/2025\/05\/10\/zarzad-i-komisje-2024-2028\/","title":{"rendered":"Zarz\u0105d i Komisje (2024-2028)"},"content":{"rendered":"<address>\u00a0<\/address>\n<h2><span style=\"font-size: 10pt;\"><strong>ZARZ\u0104D ROD IM. GEN. WR\u00d3BLEWSKIEGO W KSI\u0118\u017bYNIE<\/strong><\/span><br \/>\n<span style=\"font-size: 8pt;\">e-mail: <span id=\"cloak55947\"><a href=\"mailto:zarzad@rod-wroblewskiego.pl\">zarzad@rod-wroblewskiego.pl<\/a><\/span><\/span><\/h2>\n<p><span style=\"font-size: 8pt;\"><strong>PREZES &#8211; Cezary Cylwik \u00a0 \u00a0 \u00a0 \u00a0 \u00a0 \u00a0 \u00a0 \u00a0 \u00a0 \u00a0 \u00a0 \u00a0 \u00a0 \u00a0 \u00a0 \u00a0 \u00a0 \u00a0 \u00a0 \u00a0 \u00a0 \u00a0 \u00a0 \u00a0 \u00a0\u00a0 &#8211; tel. 601 815 237<\/strong><\/span><\/p>\n<p><span style=\"font-size: 8pt;\">W-CE PREZES &#8211; Zdzis\u0142aw Ksi\u0119\u017copolski \u00a0 \u00a0 \u00a0 \u00a0 \u00a0 \u00a0 \u00a0 \u00a0 \u00a0 \u00a0 \u00a0 \u00a0\u00a0 \u00a0\u00a0 &#8211; tel. 735 923 198<\/span><\/p>\n<p><span style=\"font-size: 8pt;\">SEKRETARZ &#8211; Krzysztof Szcz\u0119snowicz\u00a0 \u00a0 \u00a0 \u00a0 \u00a0 \u00a0 \u00a0 \u00a0 \u00a0 \u00a0 \u00a0 \u00a0 \u00a0 \u00a0 &#8211; tel. 730 227 831<\/span><\/p>\n<p><span style=\"font-size: 8pt;\">SKARBNIK &#8211; Ireneusz Wolski<\/span><\/p>\n<p><span style=\"color: #ffffff; font-size: 8pt;\"><span style=\"color: #000000;\">CZ\u0141ONEK ZARZ\u0104DU &#8211; Marcin Celary<\/span><\/span><\/p>\n<p><span style=\"font-size: 8pt;\">CZ\u0141ONEK ZARZ\u0104DU (woda i pr\u0105d) &#8211; Piotr Herbst \u00a0 \u00a0 \u00a0\u00a0 \u00a0 &#8211; tel. 503 057 088<\/span><\/p>\n<p><span style=\"font-size: 8pt;\">CZ\u0141ONEK ZARZ\u0104DU <strong>(finanse) &#8211; Helena W\u00f3jtowicz \u00a0 \u00a0\u00a0 &#8211; tel. 503 056 114<\/strong><\/span><\/p>\n<hr \/>\n<address>\u00a0<\/address>\n<h2><span style=\"font-size: 8pt;\"><span style=\"font-size: 10pt;\"><strong>KOMISJA REWIZYJNA <\/strong><\/span>e-mail: <span id=\"cloak79508\"><a href=\"mailto:kom-rew@rod-wroblewskiego.pl\">kom-rew@rod-wroblewskiego.pl<\/a><\/span><\/span><\/h2>\n<p><span style=\"font-size: 8pt;\"><strong>PRZEWODNICZ\u0104CY &#8211; Tadeusz Cybulko<\/strong><\/span><\/p>\n<p><span style=\"font-size: 8pt;\">Z-ca PRZEWODNICZ\u0104CEGO &#8211; Czes\u0142aw Puziuk<\/span><\/p>\n<p><span style=\"font-size: 8pt;\">Sekretarz &#8211;\u00a0 Marek Danilczuk<\/span><\/p>\n","protected":false},"excerpt":{"rendered":"<p>\u00a0 ZARZ\u0104D ROD IM. GEN. WR\u00d3BLEWSKIEGO W KSI\u0118\u017bYNIE e-mail: zarzad@rod-wroblewskiego.pl PREZES &#8211; Cezary Cylwik \u00a0 \u00a0 \u00a0 \u00a0 \u00a0 \u00a0 \u00a0 \u00a0 \u00a0 \u00a0 \u00a0 \u00a0 \u00a0 \u00a0 \u00a0 \u00a0 \u00a0 \u00a0 \u00a0 \u00a0 \u00a0 \u00a0 \u00a0 \u00a0 \u00a0\u00a0 &#8211; tel. 601 815 237 W-CE PREZES &#8211; Zdzis\u0142aw Ksi\u0119\u017copolski \u00a0 \u00a0 \u00a0 \u00a0 \u00a0 \u00a0 [&hellip;]<\/p>\n","protected":false},"author":1,"featured_media":0,"comment_status":"open","ping_status":"open","sticky":false,"template":"","format":"standard","meta":{"footnotes":""},"categories":[10],"tags":[],"class_list":["post-151","post","type-post","status-publish","format-standard","hentry","category-organizacja-ogrodu"],"_links":{"self":[{"href":"https:\/\/rod-wroblewskiego.pl\/index.php\/wp-json\/wp\/v2\/posts\/151","targetHints":{"allow":["GET"]}}],"collection":[{"href":"https:\/\/rod-wroblewskiego.pl\/index.php\/wp-json\/wp\/v2\/posts"}],"about":[{"href":"https:\/\/rod-wroblewskiego.pl\/index.php\/wp-json\/wp\/v2\/types\/post"}],"author":[{"embeddable":true,"href":"https:\/\/rod-wroblewskiego.pl\/index.php\/wp-json\/wp\/v2\/users\/1"}],"replies":[{"embeddable":true,"href":"https:\/\/rod-wroblewskiego.pl\/index.php\/wp-json\/wp\/v2\/comments?post=151"}],"version-history":[{"count":19,"href":"https:\/\/rod-wroblewskiego.pl\/index.php\/wp-json\/wp\/v2\/posts\/151\/revisions"}],"predecessor-version":[{"id":526,"href":"https:\/\/rod-wroblewskiego.pl\/index.php\/wp-json\/wp\/v2\/posts\/151\/revisions\/526"}],"wp:attachment":[{"href":"https:\/\/rod-wroblewskiego.pl\/index.php\/wp-json\/wp\/v2\/media?parent=151"}],"wp:term":[{"taxonomy":"category","embeddable":true,"href":"https:\/\/rod-wroblewskiego.pl\/index.php\/wp-json\/wp\/v2\/categories?post=151"},{"taxonomy":"post_tag","embeddable":true,"href":"https:\/\/rod-wroblewskiego.pl\/index.php\/wp-json\/wp\/v2\/tags?post=151"}],"curies":[{"name":"wp","href":"https:\/\/api.w.org\/{rel}","templated":true}]}}