{"id":1,"date":"2022-08-20T21:53:40","date_gmt":"2022-08-20T21:53:40","guid":{"rendered":"http:\/\/rod-wroblewskiego.pl\/?p=1"},"modified":"2025-05-13T07:04:37","modified_gmt":"2025-05-13T06:04:37","slug":"o-ogrodzie","status":"publish","type":"post","link":"https:\/\/rod-wroblewskiego.pl\/index.php\/2022\/08\/20\/o-ogrodzie\/","title":{"rendered":"O ogrodzie"},"content":{"rendered":"<h6><span style=\"color: #000000; font-size: 8pt;\"><\/span><\/h6>\r\n<p style=\"text-align: justify;\"><span style=\"font-family: tahoma, arial, helvetica, sans-serif; font-size: 12pt; color: #000000;\">\u00a0\u00a0\u00a0\u00a0\u00a0\u00a0\u00a0 Ogr\u00f3d nasz powsta\u0142 na gruntach po by\u0142ej cegielni i wyrobiskach gliny w 1984 roku. Zajmuje oko\u0142o 15 ha powierzchni, na kt\u00f3rej wydzielono 206 dzia\u0142ek. W obr\u0119bie ogrodu umiejscowione s\u0105 4 pi\u0119kne stawy powsta\u0142e po urobku gliny, kt\u00f3re wraz z alejkami i terenami rekreacyjnymi zajmuj\u0105 ok. 5 ha czyli 1\/3 ogrodu. Jeste\u015bmy zarejestrowani\u00a0 w KR PZD pod numerem A\u2013III\u201356\u20134507, jako ogr\u00f3d sta\u0142y. Aktem notarialnym z dnia 20.04.1999 r. Gmina w Juchnowcu Ko\u015bcielnym przekaza\u0142a grunt naszego ogrodu w wieczyste u\u017cytkowanie Polskiemu Zwi\u0105zkowi Dzia\u0142kowemu na okres 99 lat. Ogr\u00f3d posiada za\u0142o\u017con\u0105 w S\u0105dzie Rejonowym w Bia\u0142ymstoku ksi\u0119g\u0119 wieczyst\u0105, rejestr Dz. Kw. 5601\/99.<\/span><br \/><span style=\"font-family: tahoma, arial, helvetica, sans-serif; font-size: 12pt; color: #000000;\">\u00a0\u00a0\u00a0 \u00a0 \u00a0 W 2013 roku za\u0142o\u017cyli\u015bmy stron\u0119 internetow\u0105 maj\u0105c\u0105 s\u0142u\u017cy\u0107 nam dzia\u0142kowcom do lepszej komunikacji. Za jej pomoc\u0105 chcemy uzyska\u0107, jak najwi\u0119cej wsp\u00f3lnych spostrze\u017ce\u0144 i uwag, by lepiej zarz\u0105dza\u0107 naszym wsp\u00f3lnym ogrodem. Chcemy r\u00f3wnie\u017c t\u0105 drog\u0105,\u00a0 przekazywa\u0107 bie\u017c\u0105ce informacje, plany i zamierzenia Zarz\u0105du, oraz wp\u0142ywaj\u0105ce od pa\u0144stwa rady i wnioski. My\u015blimy, \u017ce jest to dobra droga w rosn\u0105cej cyfryzacji medi\u00f3w do wzajemnego kontaktu i integracji naszego \u015brodowiska dzia\u0142kowego.<\/span><br \/><span style=\"font-family: tahoma, arial, helvetica, sans-serif; font-size: 12pt; color: #000000;\">\u00a0\u00a0 \u00a0 \u00a0\u00a0 \u00a0\u00a0 Zapraszamy do wsp\u00f3\u0142pracy oraz do zg\u0142aszania uwag dotycz\u0105cych naszej strony internetowej do administratora serwisu www.<\/span><!--more--><\/p>\r\n<p style=\"text-align: justify;\"><span style=\"font-family: tahoma, arial, helvetica, sans-serif; color: #000000; font-size: 12pt;\"> <\/span><\/p>\r\n<p style=\"text-align: justify;\">\u00a0<\/p>","protected":false},"excerpt":{"rendered":"<p>\u00a0\u00a0\u00a0\u00a0\u00a0\u00a0\u00a0 Ogr\u00f3d nasz powsta\u0142 na gruntach po by\u0142ej cegielni i wyrobiskach gliny w 1984 roku. Zajmuje oko\u0142o 15 ha powierzchni, na kt\u00f3rej wydzielono 206 dzia\u0142ek. W obr\u0119bie ogrodu umiejscowione s\u0105 4 pi\u0119kne stawy powsta\u0142e po urobku gliny, kt\u00f3re wraz z alejkami i terenami rekreacyjnymi zajmuj\u0105 ok. 5 ha czyli 1\/3 ogrodu. Jeste\u015bmy zarejestrowani\u00a0 w KR [&hellip;]<\/p>\n","protected":false},"author":1,"featured_media":0,"comment_status":"open","ping_status":"open","sticky":true,"template":"","format":"standard","meta":{"footnotes":""},"categories":[5],"tags":[],"class_list":["post-1","post","type-post","status-publish","format-standard","hentry","category-glowna"],"_links":{"self":[{"href":"https:\/\/rod-wroblewskiego.pl\/index.php\/wp-json\/wp\/v2\/posts\/1","targetHints":{"allow":["GET"]}}],"collection":[{"href":"https:\/\/rod-wroblewskiego.pl\/index.php\/wp-json\/wp\/v2\/posts"}],"about":[{"href":"https:\/\/rod-wroblewskiego.pl\/index.php\/wp-json\/wp\/v2\/types\/post"}],"author":[{"embeddable":true,"href":"https:\/\/rod-wroblewskiego.pl\/index.php\/wp-json\/wp\/v2\/users\/1"}],"replies":[{"embeddable":true,"href":"https:\/\/rod-wroblewskiego.pl\/index.php\/wp-json\/wp\/v2\/comments?post=1"}],"version-history":[{"count":27,"href":"https:\/\/rod-wroblewskiego.pl\/index.php\/wp-json\/wp\/v2\/posts\/1\/revisions"}],"predecessor-version":[{"id":540,"href":"https:\/\/rod-wroblewskiego.pl\/index.php\/wp-json\/wp\/v2\/posts\/1\/revisions\/540"}],"wp:attachment":[{"href":"https:\/\/rod-wroblewskiego.pl\/index.php\/wp-json\/wp\/v2\/media?parent=1"}],"wp:term":[{"taxonomy":"category","embeddable":true,"href":"https:\/\/rod-wroblewskiego.pl\/index.php\/wp-json\/wp\/v2\/categories?post=1"},{"taxonomy":"post_tag","embeddable":true,"href":"https:\/\/rod-wroblewskiego.pl\/index.php\/wp-json\/wp\/v2\/tags?post=1"}],"curies":[{"name":"wp","href":"https:\/\/api.w.org\/{rel}","templated":true}]}}